{"id":352,"date":"2025-03-31T22:55:04","date_gmt":"2025-03-31T22:55:04","guid":{"rendered":"https:\/\/viseucityrace.coviseu-natura.pt\/2025\/?p=352"},"modified":"2025-03-31T22:55:04","modified_gmt":"2025-03-31T22:55:04","slug":"viseu-city-race-ultima-oportunidade","status":"publish","type":"post","link":"https:\/\/viseucityrace.coviseu-natura.pt\/2025\/viseu-city-race-ultima-oportunidade\/","title":{"rendered":"Viseu City Race \u2013 \u00daltima Oportunidade!"},"content":{"rendered":"\n<p><a><\/a>As inscri\u00e7\u00f5es estavam prestes a fechar\u2026 MAS decidimos dar-vos mais um dia! <img loading=\"lazy\" decoding=\"async\" height=\"16\" width=\"16\" alt=\"\u23f3\" src=\"https:\/\/static.xx.fbcdn.net\/images\/emoji.php\/v9\/t38\/2\/16\/23f3.png\"> Agora tens at\u00e9 1 de abril, \u00e0s 23:59:59 para garantir o teu lugar! E n\u00e3o, isto n\u00e3o \u00e9 uma mentira do dia das mentiras! <img loading=\"lazy\" decoding=\"async\" height=\"16\" width=\"16\" alt=\"\ud83d\ude06\" src=\"https:\/\/static.xx.fbcdn.net\/images\/emoji.php\/v9\/t73\/2\/16\/1f606.png\"><\/p>\n\n\n\n<p>Ainda precisas de motivos para te inscrever? Aqui v\u00e3o dois imperd\u00edveis:<\/p>\n\n\n\n<p><img loading=\"lazy\" decoding=\"async\" height=\"16\" width=\"16\" alt=\"\ud83c\udf70\" src=\"https:\/\/static.xx.fbcdn.net\/images\/emoji.php\/v9\/t3\/2\/16\/1f370.png\"> Viseu Doce \u2013 No dia 6, depois de te aventurares pelo City Race, podes deliciar-te com os melhores doces da regi\u00e3o! <img loading=\"lazy\" decoding=\"async\" height=\"16\" width=\"16\" alt=\"\ud83d\udc49\" src=\"https:\/\/static.xx.fbcdn.net\/images\/emoji.php\/v9\/tf0\/2\/16\/1f449.png\"><a href=\"https:\/\/l.facebook.com\/l.php?u=https%3A%2F%2Fwww.cm-viseu.pt%2Fpt%2Fnoticias%2Fex-libris-da-docaria-regional-de-viseu-vao-estar-a-prova-no-proximo-fim-de-semana-no-mercado-2-de-maio%2F%3Ffbclid%3DIwZXh0bgNhZW0CMTAAAR1ZTrsOTRHCiJ8R6DVyUdZR1jxwEaUwlW67jdinvLWbGxcDBEJU-Zzc9ac_aem_Tnn_3eHjEvSjKjzWlh8lLA&amp;h=AT2gTcjHEslyI4NsQz2xqUf4rQxOqSvz4MdjRCOIbiFrC3mRO-0Bi7AEWQMsMOkBT9PuyCtaj2zvYSMX49vrB1evIwbEsyJLKJk99Th4t7t3feDzZZ3_TI7hEZn6VupoZEnp3ccHrrMANZ5_YhyEzQ&amp;__tn__=-UK-R&amp;c[0]=AT3QbRIxA_H2lyCKWT0OWUsTlReXxHJQd1k2BkY05TVu0MqlXGo3t_unC2SEvg_MtoCfUjGvIGUIdemW3fJovj43bYEqE9bIU_paY078GAwsjL8YHrJDQF6N5PY-SeDw7_u5eUPRKVADg0XVVNq_UnH9dqdg-oH2r0puVe6LGMxo2HOe6FTTUiRMmRYHOBJ1DZQJ7MSSI-GN1JfSqeIEXfTvybYFJYGvWQRAEjbs2cr-9tItjIOu9A\" rel=\"noreferrer noopener\" target=\"_blank\">https:\/\/www.cm-viseu.pt\/&#8230;\/ex-libris-da-docaria&#8230;\/<\/a><\/p>\n\n\n\n<p><img loading=\"lazy\" decoding=\"async\" height=\"16\" width=\"16\" alt=\"\ud83d\udcfa\" src=\"https:\/\/static.xx.fbcdn.net\/images\/emoji.php\/v9\/t26\/2\/16\/1f4fa.png\"> Magazine OTV e RTP \u2013 O Viseu City Race vai ter reportagem no Magazine OTV&#8230; significa isto que ainda podes aparecer no Desporto 2 da RTP! <img loading=\"lazy\" decoding=\"async\" height=\"16\" width=\"16\" alt=\"\ud83d\ude0d\" src=\"https:\/\/static.xx.fbcdn.net\/images\/emoji.php\/v9\/ta1\/2\/16\/1f60d.png\"><\/p>\n\n\n\n<p>N\u00e3o percas esta oportunidade! Inscreve-te j\u00e1! <img loading=\"lazy\" decoding=\"async\" height=\"16\" width=\"16\" alt=\"\ud83c\udfc3\" src=\"https:\/\/static.xx.fbcdn.net\/images\/emoji.php\/v9\/tda\/2\/16\/1f3c3.png\"><img loading=\"lazy\" decoding=\"async\" height=\"16\" width=\"16\" alt=\"\ud83d\udca8\" src=\"https:\/\/static.xx.fbcdn.net\/images\/emoji.php\/v9\/t62\/2\/16\/1f4a8.png\"><\/p>\n\n\n\n<figure class=\"wp-block-embed\"><div class=\"wp-block-embed__wrapper\">\nhttps:\/\/www.facebook.com\/reel\/983743867191437\n<\/div><\/figure>\n\n\n\n<p><a href=\"https:\/\/www.facebook.com\/hashtag\/viseucityrace?__eep__=6&amp;__cft__[0]=AZWDmjFjGw5Q_5YgBKIsFVnRutqj29S1yTjPXULvUKGT56bSZXdBBtYp1kUU1Z1dSB8v3kgZQ-tOWDVi3fuXpVFXxaUauZRl2cDr-qrNuKWVEDWLll1OwHDlKcr5D0EUksSb89rqHq0y1GyuGfrlcc3cPd6T5T3lUDhkbDs06GmXrjZt4fqosZZBCb821f0u5K-wGw7eun8-WNwgos6NvzESNsaxym6ewdzOBFWaTfzetQ&amp;__tn__=*NK-R\">#ViseuCityRace<\/a><a href=\"https:\/\/www.facebook.com\/hashtag\/orienta%C3%A7%C3%A3o?__eep__=6&amp;__cft__[0]=AZWDmjFjGw5Q_5YgBKIsFVnRutqj29S1yTjPXULvUKGT56bSZXdBBtYp1kUU1Z1dSB8v3kgZQ-tOWDVi3fuXpVFXxaUauZRl2cDr-qrNuKWVEDWLll1OwHDlKcr5D0EUksSb89rqHq0y1GyuGfrlcc3cPd6T5T3lUDhkbDs06GmXrjZt4fqosZZBCb821f0u5K-wGw7eun8-WNwgos6NvzESNsaxym6ewdzOBFWaTfzetQ&amp;__tn__=*NK-R\">#Orienta\u00e7\u00e3o<\/a><a href=\"https:\/\/www.facebook.com\/hashtag\/viseudoce?__eep__=6&amp;__cft__[0]=AZWDmjFjGw5Q_5YgBKIsFVnRutqj29S1yTjPXULvUKGT56bSZXdBBtYp1kUU1Z1dSB8v3kgZQ-tOWDVi3fuXpVFXxaUauZRl2cDr-qrNuKWVEDWLll1OwHDlKcr5D0EUksSb89rqHq0y1GyuGfrlcc3cPd6T5T3lUDhkbDs06GmXrjZt4fqosZZBCb821f0u5K-wGw7eun8-WNwgos6NvzESNsaxym6ewdzOBFWaTfzetQ&amp;__tn__=*NK-R\">#ViseuDoce<\/a><a href=\"https:\/\/www.facebook.com\/hashtag\/magazineotv?__eep__=6&amp;__cft__[0]=AZWDmjFjGw5Q_5YgBKIsFVnRutqj29S1yTjPXULvUKGT56bSZXdBBtYp1kUU1Z1dSB8v3kgZQ-tOWDVi3fuXpVFXxaUauZRl2cDr-qrNuKWVEDWLll1OwHDlKcr5D0EUksSb89rqHq0y1GyuGfrlcc3cPd6T5T3lUDhkbDs06GmXrjZt4fqosZZBCb821f0u5K-wGw7eun8-WNwgos6NvzESNsaxym6ewdzOBFWaTfzetQ&amp;__tn__=*NK-R\">#MagazineOTV<\/a><a href=\"https:\/\/www.facebook.com\/hashtag\/desporto2rtp?__eep__=6&amp;__cft__[0]=AZWDmjFjGw5Q_5YgBKIsFVnRutqj29S1yTjPXULvUKGT56bSZXdBBtYp1kUU1Z1dSB8v3kgZQ-tOWDVi3fuXpVFXxaUauZRl2cDr-qrNuKWVEDWLll1OwHDlKcr5D0EUksSb89rqHq0y1GyuGfrlcc3cPd6T5T3lUDhkbDs06GmXrjZt4fqosZZBCb821f0u5K-wGw7eun8-WNwgos6NvzESNsaxym6ewdzOBFWaTfzetQ&amp;__tn__=*NK-R\">#Desporto2RTP<\/a><\/p>\n\n\n\n<p><a href=\"https:\/\/www.facebook.com\/municipioviseu?__cft__[0]=AZWDmjFjGw5Q_5YgBKIsFVnRutqj29S1yTjPXULvUKGT56bSZXdBBtYp1kUU1Z1dSB8v3kgZQ-tOWDVi3fuXpVFXxaUauZRl2cDr-qrNuKWVEDWLll1OwHDlKcr5D0EUksSb89rqHq0y1GyuGfrlcc3cPd6T5T3lUDhkbDs06GmXrjZt4fqosZZBCb821f0u5K-wGw7eun8-WNwgos6NvzESNsaxym6ewdzOBFWaTfzetQ&amp;__tn__=-]K-R\">Munic\u00edpio de Viseu<\/a><\/p>\n\n\n\n<p><a href=\"https:\/\/www.facebook.com\/fporientacao?__cft__[0]=AZWDmjFjGw5Q_5YgBKIsFVnRutqj29S1yTjPXULvUKGT56bSZXdBBtYp1kUU1Z1dSB8v3kgZQ-tOWDVi3fuXpVFXxaUauZRl2cDr-qrNuKWVEDWLll1OwHDlKcr5D0EUksSb89rqHq0y1GyuGfrlcc3cPd6T5T3lUDhkbDs06GmXrjZt4fqosZZBCb821f0u5K-wGw7eun8-WNwgos6NvzESNsaxym6ewdzOBFWaTfzetQ&amp;__tn__=-]K-R\">Federa\u00e7\u00e3o Portuguesa de Orienta\u00e7\u00e3o<\/a><\/p>\n\n\n\n<p><a href=\"https:\/\/www.facebook.com\/viseuativo?__cft__[0]=AZWDmjFjGw5Q_5YgBKIsFVnRutqj29S1yTjPXULvUKGT56bSZXdBBtYp1kUU1Z1dSB8v3kgZQ-tOWDVi3fuXpVFXxaUauZRl2cDr-qrNuKWVEDWLll1OwHDlKcr5D0EUksSb89rqHq0y1GyuGfrlcc3cPd6T5T3lUDhkbDs06GmXrjZt4fqosZZBCb821f0u5K-wGw7eun8-WNwgos6NvzESNsaxym6ewdzOBFWaTfzetQ&amp;__tn__=-]K-R\">Viseu Ativo<\/a><\/p>\n\n\n\n<p><\/p>\n","protected":false},"excerpt":{"rendered":"<p>As inscri\u00e7\u00f5es estavam prestes a fechar\u2026 MAS decidimos dar-vos mais um dia! Agora tens at\u00e9 1 de abril, \u00e0s 23:59:59 para garantir o teu lugar! E n\u00e3o, isto n\u00e3o \u00e9 uma mentira do dia das mentiras! Ainda precisas de motivos para te inscrever? Aqui v\u00e3o dois imperd\u00edveis: Viseu Doce \u2013 No dia 6, depois de &hellip; <\/p>\n<p class=\"link-more\"><a href=\"https:\/\/viseucityrace.coviseu-natura.pt\/2025\/viseu-city-race-ultima-oportunidade\/\" class=\"more-link\">Continuar a ler <span class=\"screen-reader-text\">&#8220;Viseu City Race \u2013 \u00daltima Oportunidade!&#8221;<\/span><\/a><\/p>\n","protected":false},"author":1,"featured_media":0,"comment_status":"open","ping_status":"open","sticky":false,"template":"","format":"standard","meta":{"footnotes":""},"categories":[1],"tags":[],"class_list":["post-352","post","type-post","status-publish","format-standard","hentry","category-uncategorized"],"_links":{"self":[{"href":"https:\/\/viseucityrace.coviseu-natura.pt\/2025\/wp-json\/wp\/v2\/posts\/352","targetHints":{"allow":["GET"]}}],"collection":[{"href":"https:\/\/viseucityrace.coviseu-natura.pt\/2025\/wp-json\/wp\/v2\/posts"}],"about":[{"href":"https:\/\/viseucityrace.coviseu-natura.pt\/2025\/wp-json\/wp\/v2\/types\/post"}],"author":[{"embeddable":true,"href":"https:\/\/viseucityrace.coviseu-natura.pt\/2025\/wp-json\/wp\/v2\/users\/1"}],"replies":[{"embeddable":true,"href":"https:\/\/viseucityrace.coviseu-natura.pt\/2025\/wp-json\/wp\/v2\/comments?post=352"}],"version-history":[{"count":1,"href":"https:\/\/viseucityrace.coviseu-natura.pt\/2025\/wp-json\/wp\/v2\/posts\/352\/revisions"}],"predecessor-version":[{"id":353,"href":"https:\/\/viseucityrace.coviseu-natura.pt\/2025\/wp-json\/wp\/v2\/posts\/352\/revisions\/353"}],"wp:attachment":[{"href":"https:\/\/viseucityrace.coviseu-natura.pt\/2025\/wp-json\/wp\/v2\/media?parent=352"}],"wp:term":[{"taxonomy":"category","embeddable":true,"href":"https:\/\/viseucityrace.coviseu-natura.pt\/2025\/wp-json\/wp\/v2\/categories?post=352"},{"taxonomy":"post_tag","embeddable":true,"href":"https:\/\/viseucityrace.coviseu-natura.pt\/2025\/wp-json\/wp\/v2\/tags?post=352"}],"curies":[{"name":"wp","href":"https:\/\/api.w.org\/{rel}","templated":true}]}}